{"id":218,"date":"2020-12-22T01:10:19","date_gmt":"2020-12-22T01:10:19","guid":{"rendered":"https:\/\/estarenbuenaforma.com\/?p=218"},"modified":"2023-02-09T17:33:56","modified_gmt":"2023-02-09T22:33:56","slug":"dieta-de-ravenna-para-bajar-5-kilos","status":"publish","type":"post","link":"https:\/\/estarenbuenaforma.com\/es\/dieta-de-ravenna-para-bajar-5-kilos\/","title":{"rendered":"Dieta De Ravenna Para Bajar 5 Kilos"},"content":{"rendered":"<p>Durante el aislamiento preventivo y obligatorio por la pandemia del coronavirus, muchas personas se plantean, con cierta preocupaci\u00f3n, c\u00f3mo no engordar qued\u00e1ndose todo el d\u00eda en casa donde incluso cocinar es una de las actividades elegidas para compartir con la familia<\/p>\n\n\n\n<p>Adem\u00e1s, la imposibilidad de ir al gimnasio no ayuda a quienes llevan manteniendo una rutina diaria de actividad f\u00edsica. Parece que tenemos todo en contra nuestra. Sin embargo, los especialistas aseguran que es posible aprovechar este tiempo para adelgazar.<\/p>\n\n\n\n<p><a href=\"https:\/\/es.wikipedia.org\/wiki\/M%C3%A1ximo_Ravenna\" target=\"_blank\" rel=\"noopener\">M\u00e1ximo Ravenna<\/a>, m\u00e9dico psicoterapeuta dedicado a los trastornos alimentarios, recomienda realizar cuatro t\u00e9cnicas que \u00e9l mismo dice utilizar.<\/p>\n\n\n\n<ol class=\"wp-block-list\">\n<li>Aplicar el concepto de &#8220;corte-medida-distancia&#8221;. Corta con excesos, mantente alejado de aquellos alimentos que sabemos que siempre nos disparan a comer un poco m\u00e1s. Utilice una medida adecuada, como el centro de un plato, para ser m\u00e1s conscientes de lo que estamos comiendo. Elimina la cuchara y las porciones dobles.<\/li>\n\n\n\n<li>Programar y organizar con cierta anticipaci\u00f3n lo que vamos a comer durante el d\u00eda. Si tenemos los alimentos saludables que realmente necesitamos en el frigor\u00edfico, no habr\u00e1 espacio para elegir los alimentos que tanto nos atrapan cuando tenemos hambre.<\/li>\n\n\n\n<li>Prefiera frutas, verduras, carnes magras y l\u00e1cteos. Evite los alimentos procesados \u200b\u200be industrializados.<\/li>\n\n\n\n<li>No coma m\u00e1s de cuatro veces al d\u00eda. De esta forma, evitamos estar siempre rodeados de comida y pensar en lo que vamos a comer a continuaci\u00f3n.<\/li>\n<\/ol>\n\n\n\n<div class=\"wp-block-ultimate-post-table-of-content ultp-block-2bebfd\"><div class=\"ultp-block-wrapper\"><div class=\"ultp-block-toc\"><div class=\"ultp-toc-header\"><div class=\"ultp-toc-heading\">Contenido<\/div><\/div><div class=\"ultp-block-toc-style2 ultp-block-toc-body\" style=\"display:block;\"><ol class=\"ultp-toc-lists\"><li><a href=\"#Pierde_peso_sin_demasiadas_exigencias\">Pierde peso sin demasiadas exigencias<\/a><\/li><li><a href=\"#La_importancia_de_las_cuatro_comidas_diarias\">La importancia de las cuatro comidas diarias<\/a><\/li><li><a href=\"#El_complemento_de_la_actividad_f\u00edsica_desde_casa\">El complemento de la actividad f\u00edsica desde casa<\/a><\/li><li><a href=\"#Plan_semanal_para_bajar_de_peso\">Plan semanal para bajar de peso<\/a><ol class=\"ultp-toc-lists\"><li><a href=\"#Lunes\">Lunes<\/a><\/li><li><a href=\"#Martes\">Martes<\/a><\/li><li><a href=\"#Mi\u00e9rcoles\">Mi\u00e9rcoles<\/a><\/li><li><a href=\"#Jueves\">Jueves<\/a><\/li><li><a href=\"#Viernes\">Viernes<\/a><\/li><li><a href=\"#S\u00e1bado\">S\u00e1bado<\/a><\/li><li><a href=\"#Domingo\">Domingo<\/a><\/li><li><a href=\"#Otras_dietas:\">Otras dietas:<\/a><\/li><\/ol><\/li><\/ol><\/div><\/div><\/div><\/div>\n\n\n\n<h2 class=\"wp-block-heading\" id=\"Pierde_peso_sin_demasiadas_exigencias\">Pierde peso sin demasiadas exigencias<\/h2>\n\n\n\n<p>El Licenciado Diego Querze, Jefe de la Secci\u00f3n de Nutrici\u00f3n de Enfermedades Neurol\u00f3gicas del FLENI, sostiene que podemos hacer planes de alimentaci\u00f3n para adelgazar siempre y cuando est\u00e9n armados y seguidos por un profesional para evitar generar un estado de ansiedad y no poder continuar se convierte en frustraci\u00f3n.<\/p>\n\n\n\n<p>Se puede adelgazar sin demasiadas exigencias y es una buena idea empezar a pensar y hacer h\u00e1bitos saludables. La principal recomendaci\u00f3n es mantener un estilo de vida saludable que incluya un plan de alimentaci\u00f3n adecuado, variado, complementado con una actividad f\u00edsica que puedas hacer en casa y con elementos que est\u00e9n a tu alcance, que propone incorporar alimentos variados, pero en peque\u00f1as porciones, siempre teniendo en cuenta c\u00f3mo ser\u00e1 la dieta durante el d\u00eda.<\/p>\n\n\n\n<p>Es importante planificar nuestro men\u00fa diario para tener un poco m\u00e1s de libertad y poder darnos un capricho, por ejemplo, galletas caseras y saludables, muffins integrales con algarroba, bizcocho de pl\u00e1tano y avena, galletas de avena con chocolate, mini pastel de frutas. Tambi\u00e9n puedes elegir un alimento que quieras comer, siempre respetando la raci\u00f3n.<\/p>\n\n\n\n<h2 class=\"wp-block-heading\" id=\"La_importancia_de_las_cuatro_comidas_diarias\">La importancia de las cuatro comidas diarias<\/h2>\n\n\n\n<p>La especialista en nutrici\u00f3n Ver\u00f3nica Malinovsky explica que el mero hecho de respetar las cuatro comidas sin ser tan estrictos con sus horarios, env\u00eda un mensaje de organizaci\u00f3n, algo tan importante en estos d\u00edas en que todo parece desorganizado.<\/p>\n\n\n\n<p>Siempre es posible considerar la posibilidad de perder peso. No es el momento, es uno. Haber tomado la decisi\u00f3n y tener la voluntad de hacerlo. Es importante comer cuatro veces al d\u00eda y si sentimos que lo necesitamos, a\u00f1adir peque\u00f1os bocadillos. No picotear.<\/p>\n\n\n\n<p>Cocine cosas deliciosas y coma una porci\u00f3n. Esto nos gratifica y no dejamos de comer lo que nos gusta. Come al menos tres frutas al d\u00eda y de esta forma el organismo recibe la cantidad de az\u00facar necesaria para luego no pedirnos ese simple hidrato que nos descontrola.<\/p>\n\n\n\n<p>Karina Gonz\u00e1lez, licenciada en Nutrici\u00f3n, destaca que es importante beber al menos dos litros de l\u00edquidos al d\u00eda, sin az\u00facar, preferiblemente agua. Y recomienda consumir cinco porciones de frutas y verduras en una variedad de tipos y colores.<\/p>\n\n\n\n<p>Cocine sin sal, limite la adici\u00f3n en las comidas y evite el salero en la mesa. Para sustituir la sal podemos utilizar condimentos de todo tipo (pimienta, perejil, aj\u00ed, piment\u00f3n, or\u00e9gano). Los embutidos, las salchichas y otros alimentos procesados \u200b\u200b(como caldos, sopas y conservas) contienen altas cantidades de sodio, al elegirlos al momento de comprarlos lea las etiquetas.<\/p>\n\n\n\n<p>Limite el consumo de mantequilla, margarina, grasa animal y crema de leche. Si se consume, elija porciones peque\u00f1as y \/ o individuales. El consumo en exceso de estos alimentos predispone a la obesidad, hipertensi\u00f3n, diabetes y enfermedades cardiovasculares, entre otras.<\/p>\n\n\n\n<p>Podemos comer algo dulce sin necesidad de llenarnos de calor\u00edas cuando estamos frente a la pantalla del televisor. Por ejemplo, una infusi\u00f3n endulzada con edulcorante a la que le a\u00f1adimos canela y cacao amargo, una taza de palomitas caseras y endulzadas con edulcorante, un pu\u00f1ado de frutos secos que incluyen unas pasas o una manzana verde al horno, que decoramos con cacao amargo en polvo.<\/p>\n\n\n\n<p>\u00bfY chocolate? &#8220;\u00bfPor qu\u00e9 no? Busque uno de buena calidad y preferiblemente amargo. S\u00edrvete media barra y acomp\u00e1\u00f1ala con una infusi\u00f3n mientras disfrutas de la pel\u00edcula o serie.<\/p>\n\n\n\n<h2 class=\"wp-block-heading\" id=\"El_complemento_de_la_actividad_f\u00edsica_desde_casa\">El complemento de la actividad f\u00edsica desde casa<\/h2>\n\n\n\n<p>A pesar de que los gimnasios permanecen cerrados, los especialistas apuntan que cualquier tipo de actividad f\u00edsica es v\u00e1lida en este momento, como colaborar en las tareas del hogar, subir y bajar escaleras y, si hay ni\u00f1os y espacio, jugar a la pelota.<\/p>\n\n\n\n<p>De hecho, son muchos los profesores que en esta cuarentena optaron por ense\u00f1ar online y diferentes rutinas para evitar excusas y hacer los ejercicios en casa.<\/p>\n\n\n\n<h2 class=\"wp-block-heading\" id=\"Plan_semanal_para_bajar_de_peso\">Plan semanal para bajar de peso<\/h2>\n\n\n\n<p>Liliana Grimberg, nutricionista, dietista y coordinadora del \u00e1rea de Nutrici\u00f3n del Centro Terap\u00e9utico M\u00e1ximo Ravenna, elabor\u00f3 \u200b\u200bun plan semanal para adelgazar durante la cuarentena. Este plan esta basado en el metodo de Ravenna.<\/p>\n\n\n\n<p class=\"has-text-align-center\"><strong>Dieta de Ravenna para bajar 5 kilos<\/strong><\/p>\n\n\n\n<h3 class=\"wp-block-heading\" id=\"Lunes\">Lunes<\/h3>\n\n\n\n<p><strong>Desayuno:<\/strong> caf\u00e9 con leche, dos fetas de queso de m\u00e1quina y tres cucharadas de frutos secos.<\/p>\n\n\n\n<p><strong>Almuerzo:<\/strong> una taza de caldo, ensalada de zanahoria y repollo con clara de huevo. Tres alb\u00f3ndigas con salsa filetto y medio pl\u00e1tano.<\/p>\n\n\n\n<p><strong>Merienda:<\/strong> una infusi\u00f3n y un huevo duro.<\/p>\n\n\n\n<p><strong>Cena:<\/strong> caldo de verduras, verduras al horno, hamburguesa de pollo y pera.<\/p>\n\n\n\n<h3 class=\"wp-block-heading\" id=\"Martes\">Martes<\/h3>\n\n\n\n<p><strong>Desayuno:<\/strong> caf\u00e9 con leche y pl\u00e1tano.<\/p>\n\n\n\n<p><strong>Almuerzo:<\/strong> caldo de verduras, ensalada de br\u00f3coli y tomate, un cuarto de pollo a la plancha con provenzal y una fruta peque\u00f1a.<\/p>\n\n\n\n<p><strong>Merienda:<\/strong> caf\u00e9 con leche y tres fetas de queso magra de m\u00e1quina.<\/p>\n\n\n\n<p><strong>Cena:<\/strong> caldo, cazuela de verduras (cebolla, zanahoria, tomate, champi\u00f1ones, calabac\u00edn) y media taza peque\u00f1a de guisantes cocidos.<\/p>\n\n\n\n<p>Los beneficios de realizar alguna actividad f\u00edsica son m\u00faltiples. Entre ellos, ayuda a reducir el estr\u00e9s y la ansiedad, mejora nuestro estado de \u00e1nimo y la autoestima. Es importante realizar una rutina de ejercicios en casa, establecer un horario fijo para hacerlo todos los d\u00edas, as\u00ed nos aseguramos de que se cumpla. 30 minutos diarios.<\/p>\n\n\n\n<h3 class=\"wp-block-heading\" id=\"Mi\u00e9rcoles\">Mi\u00e9rcoles<\/h3>\n\n\n\n<p><strong>Desayuno:<\/strong> infusi\u00f3n con leche desnatada, yogur y un c\u00edtrico.<\/p>\n\n\n\n<p><strong>Almuerzo:<\/strong> caldo de verduras, carne al horno con cebolla y pimiento morr\u00f3n, ensalada de tomate y hojas de espinaca y fruta fresca.<\/p>\n\n\n\n<p><strong>Merienda:<\/strong> caf\u00e9 con leche, una tortilla de huevo y medio pl\u00e1tano.<\/p>\n\n\n\n<p><strong>Cena:<\/strong> caldo, ensalada radicheta con cebolla morada, una cucharadita de semillas variadas, at\u00fan a la plancha y fruta fresca.<\/p>\n\n\n\n<h3 class=\"wp-block-heading\" id=\"Jueves\">Jueves<\/h3>\n\n\n\n<p><strong>Desayuno:<\/strong> infusi\u00f3n con leche desnatada y batido de pl\u00e1tano (1 taza de leche y 1 pl\u00e1tano peque\u00f1o).<\/p>\n\n\n\n<p><strong>Almuerzo:<\/strong> caldo, una hamburguesa de lentejas con ensalada surtida con una clara de huevo duro y una cucharada de aguacate y una fruta asada.<\/p>\n\n\n\n<p><strong>Merienda:<\/strong> infusi\u00f3n con leche desnatada y tortilla.<\/p>\n\n\n\n<p><strong>Cena:<\/strong> caldo, cazuela de pollo con verduras variadas y un tomate en el medio. T\u00e9 aromatizado.<\/p>\n\n\n\n<h3 class=\"wp-block-heading\" id=\"Viernes\">Viernes<\/h3>\n\n\n\n<p><strong>Desayuno:<\/strong> infundido con leche desnatada, dos fetas de queso desnatado y medio pl\u00e1tano.<\/p>\n\n\n\n<p><strong>Almuerzo:<\/strong> caldo de verduras, ensalada mixta con media taza de pollo cocido, clara de huevo y fruta fresca.<\/p>\n\n\n\n<p><strong>Merienda:<\/strong> caf\u00e9 con leche y un huevo duro.<\/p>\n\n\n\n<p><strong>Cena:<\/strong> caldo de verduras, ensalada de zanahoria, remolacha y una clara de huevo duro, un peque\u00f1o filete de salm\u00f3n y t\u00e9 verde.<\/p>\n\n\n\n<h3 class=\"wp-block-heading\" id=\"S\u00e1bado\">S\u00e1bado<\/h3>\n\n\n\n<p><strong>Desayuno:<\/strong> infusi\u00f3n con leche desnatada y pl\u00e1tano.<\/p>\n\n\n\n<p><strong>Almuerzo:<\/strong> caldo, ensalada de r\u00facula, cebolla y una cucharadita de semillas variadas. Carne magra en la sart\u00e9n (preparada con hierbas arom\u00e1ticas) y una naranja.<\/p>\n\n\n\n<p><strong>Merienda:<\/strong> infundido con leche desnatada y tres fetas de queso desnatado para m\u00e1quina.<\/p>\n\n\n\n<p><strong>Cena:<\/strong> sopa de verduras, br\u00f3coli a la provenzal con espinacas y tomate cherry. T\u00e9 aromatizado.<\/p>\n\n\n\n<h3 class=\"wp-block-heading\" id=\"Domingo\">Domingo<\/h3>\n\n\n\n<p><strong>Desayuno:<\/strong> t\u00e9 aromatizado y yogur con c\u00edtricos.<\/p>\n\n\n\n<p><strong>Almuerzo:<\/strong> caldo de verduras, ensalada de br\u00f3coli, tortilla de calabac\u00edn (una taza) con un huevo y dos claras y un pl\u00e1tano.<\/p>\n\n\n\n<p><strong>Merienda:<\/strong> caf\u00e9 con leche, dos queso fetas y tres cucharadas de frutos secos.<\/p>\n\n\n\n<p><strong>Cena:<\/strong> caldo de verduras, pollo a la plancha con ensalada de hojas verdes y t\u00e9 aromatizado.<\/p>\n\n\n\n<h3 class=\"wp-block-heading\" id=\"Otras_dietas:\">Otras dietas:<\/h3>\n\n\n\n<p>Revisa todas nuestras <a href=\"https:\/\/estarenbuenaforma.com\/dietas\/\">dietas<\/a>. Y encuentra la diperdeta ideal.<\/p>\n\n\n\n<p>De igual manera te ofrecemos muchos consejos y tips dentro nuestro art\u00edculos sobre <a href=\"https:\/\/estarenbuenaforma.com\/dietas\/dietas-para-bajar-de-peso\/\">dietas para bajar de peso<\/a>.<\/p>","protected":false},"excerpt":{"rendered":"<p>Durante el aislamiento preventivo y obligatorio por la pandemia del coronavirus, muchas personas se plantean, con cierta preocupaci\u00f3n, c\u00f3mo no engordar qued\u00e1ndose todo el d\u00eda en casa donde incluso cocinar es una de las actividades elegidas para compartir con la familia Adem\u00e1s, la imposibilidad de ir al gimnasio no ayuda a quienes llevan manteniendo una &#8230; <a title=\"Dieta De Ravenna Para Bajar 5 Kilos\" class=\"read-more\" href=\"https:\/\/estarenbuenaforma.com\/es\/dieta-de-ravenna-para-bajar-5-kilos\/\" aria-label=\"Leer m\u00e1s sobre Dieta De Ravenna Para Bajar 5 Kilos\">Leer m\u00e1s<\/a><\/p>","protected":false},"author":3,"featured_media":219,"comment_status":"closed","ping_status":"open","sticky":false,"template":"","format":"standard","meta":{"_uag_custom_page_level_css":"","cybocfi_hide_featured_image":"","_jetpack_memberships_contains_paid_content":false,"footnotes":""},"categories":[4],"tags":[55,42,9,43],"class_list":["post-218","post","type-post","status-publish","format-standard","has-post-thumbnail","hentry","category-dietas","tag-como-bajar-de-peso","tag-dieta","tag-perder-peso","tag-plan-de-dieta"],"gutentor_comment":1,"yoast_head":"<!-- This site is optimized with the Yoast SEO plugin v27.4 - https:\/\/yoast.com\/product\/yoast-seo-wordpress\/ -->\n<title>Dieta De Ravenna Para Bajar 5 Kilos - EEBF<\/title>\n<meta name=\"description\" content=\"Descubre la dieta de Ravenna para bajar 5 kilos. Aprende como funciona y apl\u00edcala el plan de dieta para que adelgaces con \u00e9xito.\" \/>\n<meta name=\"robots\" content=\"index, follow, max-snippet:-1, max-image-preview:large, max-video-preview:-1\" \/>\n<link rel=\"canonical\" href=\"https:\/\/estarenbuenaforma.com\/es\/dieta-de-ravenna-para-bajar-5-kilos\/\" \/>\n<meta property=\"og:locale\" content=\"es_ES\" \/>\n<meta property=\"og:type\" content=\"article\" \/>\n<meta property=\"og:title\" content=\"Dieta De Ravenna Para Bajar 5 Kilos - EEBF\" \/>\n<meta property=\"og:description\" content=\"Descubre la dieta de Ravenna para bajar 5 kilos. Aprende como funciona y apl\u00edcala el plan de dieta para que adelgaces con \u00e9xito.\" \/>\n<meta property=\"og:url\" content=\"https:\/\/estarenbuenaforma.com\/es\/dieta-de-ravenna-para-bajar-5-kilos\/\" \/>\n<meta property=\"og:site_name\" content=\"EEBF\" \/>\n<meta property=\"article:publisher\" content=\"https:\/\/www.facebook.com\/estarenbuenaforma\" \/>\n<meta property=\"article:author\" content=\"https:\/\/www.facebook.com\/davevies\/\" \/>\n<meta property=\"article:published_time\" content=\"2020-12-22T01:10:19+00:00\" \/>\n<meta property=\"article:modified_time\" content=\"2023-02-09T22:33:56+00:00\" \/>\n<meta property=\"og:image\" content=\"https:\/\/estarenbuenaforma.com\/wp-content\/uploads\/2020\/12\/dieta-de-ravenna-para-bajar-5-kilos.jpg\" \/>\n\t<meta property=\"og:image:width\" content=\"1000\" \/>\n\t<meta property=\"og:image:height\" content=\"667\" \/>\n\t<meta property=\"og:image:type\" content=\"image\/jpeg\" \/>\n<meta name=\"author\" content=\"David\" \/>\n<meta name=\"twitter:card\" content=\"summary_large_image\" \/>\n<meta name=\"twitter:creator\" content=\"@_enbuenaforma\" \/>\n<meta name=\"twitter:site\" content=\"@_enbuenaforma\" \/>\n<meta name=\"twitter:label1\" content=\"Escrito por\" \/>\n\t<meta name=\"twitter:data1\" content=\"David\" \/>\n\t<meta name=\"twitter:label2\" content=\"Tiempo de lectura\" \/>\n\t<meta name=\"twitter:data2\" content=\"7 minutos\" \/>\n<script type=\"application\/ld+json\" class=\"yoast-schema-graph\">{\"@context\":\"https:\\\/\\\/schema.org\",\"@graph\":[{\"@type\":\"Article\",\"@id\":\"https:\\\/\\\/estarenbuenaforma.com\\\/dieta-de-ravenna-para-bajar-5-kilos\\\/#article\",\"isPartOf\":{\"@id\":\"https:\\\/\\\/estarenbuenaforma.com\\\/dieta-de-ravenna-para-bajar-5-kilos\\\/\"},\"author\":{\"name\":\"David\",\"@id\":\"https:\\\/\\\/estarenbuenaforma.com\\\/#\\\/schema\\\/person\\\/4c84742124440b1a9adb689c4a6c0a2c\"},\"headline\":\"Dieta De Ravenna Para Bajar 5 Kilos\",\"datePublished\":\"2020-12-22T01:10:19+00:00\",\"dateModified\":\"2023-02-09T22:33:56+00:00\",\"mainEntityOfPage\":{\"@id\":\"https:\\\/\\\/estarenbuenaforma.com\\\/dieta-de-ravenna-para-bajar-5-kilos\\\/\"},\"wordCount\":1561,\"publisher\":{\"@id\":\"https:\\\/\\\/estarenbuenaforma.com\\\/#organization\"},\"image\":{\"@id\":\"https:\\\/\\\/estarenbuenaforma.com\\\/dieta-de-ravenna-para-bajar-5-kilos\\\/#primaryimage\"},\"thumbnailUrl\":\"https:\\\/\\\/estarenbuenaforma.com\\\/wp-content\\\/uploads\\\/2020\\\/12\\\/dieta-de-ravenna-para-bajar-5-kilos.jpg\",\"keywords\":[\"como bajar de peso\",\"dieta\",\"perder peso\",\"plan de dieta\"],\"articleSection\":[\"Dietas\"],\"inLanguage\":\"es\"},{\"@type\":\"WebPage\",\"@id\":\"https:\\\/\\\/estarenbuenaforma.com\\\/dieta-de-ravenna-para-bajar-5-kilos\\\/\",\"url\":\"https:\\\/\\\/estarenbuenaforma.com\\\/dieta-de-ravenna-para-bajar-5-kilos\\\/\",\"name\":\"Dieta De Ravenna Para Bajar 5 Kilos - EEBF\",\"isPartOf\":{\"@id\":\"https:\\\/\\\/estarenbuenaforma.com\\\/#website\"},\"primaryImageOfPage\":{\"@id\":\"https:\\\/\\\/estarenbuenaforma.com\\\/dieta-de-ravenna-para-bajar-5-kilos\\\/#primaryimage\"},\"image\":{\"@id\":\"https:\\\/\\\/estarenbuenaforma.com\\\/dieta-de-ravenna-para-bajar-5-kilos\\\/#primaryimage\"},\"thumbnailUrl\":\"https:\\\/\\\/estarenbuenaforma.com\\\/wp-content\\\/uploads\\\/2020\\\/12\\\/dieta-de-ravenna-para-bajar-5-kilos.jpg\",\"datePublished\":\"2020-12-22T01:10:19+00:00\",\"dateModified\":\"2023-02-09T22:33:56+00:00\",\"description\":\"Descubre la dieta de Ravenna para bajar 5 kilos. Aprende como funciona y apl\u00edcala el plan de dieta para que adelgaces con \u00e9xito.\",\"breadcrumb\":{\"@id\":\"https:\\\/\\\/estarenbuenaforma.com\\\/dieta-de-ravenna-para-bajar-5-kilos\\\/#breadcrumb\"},\"inLanguage\":\"es\",\"potentialAction\":[{\"@type\":\"ReadAction\",\"target\":[\"https:\\\/\\\/estarenbuenaforma.com\\\/dieta-de-ravenna-para-bajar-5-kilos\\\/\"]}]},{\"@type\":\"ImageObject\",\"inLanguage\":\"es\",\"@id\":\"https:\\\/\\\/estarenbuenaforma.com\\\/dieta-de-ravenna-para-bajar-5-kilos\\\/#primaryimage\",\"url\":\"https:\\\/\\\/estarenbuenaforma.com\\\/wp-content\\\/uploads\\\/2020\\\/12\\\/dieta-de-ravenna-para-bajar-5-kilos.jpg\",\"contentUrl\":\"https:\\\/\\\/estarenbuenaforma.com\\\/wp-content\\\/uploads\\\/2020\\\/12\\\/dieta-de-ravenna-para-bajar-5-kilos.jpg\",\"width\":1000,\"height\":667,\"caption\":\"dieta de ravenna para bajar 5 kilos\"},{\"@type\":\"BreadcrumbList\",\"@id\":\"https:\\\/\\\/estarenbuenaforma.com\\\/dieta-de-ravenna-para-bajar-5-kilos\\\/#breadcrumb\",\"itemListElement\":[{\"@type\":\"ListItem\",\"position\":1,\"name\":\"Home\",\"item\":\"https:\\\/\\\/estarenbuenaforma.com\\\/\"},{\"@type\":\"ListItem\",\"position\":2,\"name\":\"Dietas\",\"item\":\"https:\\\/\\\/estarenbuenaforma.com\\\/dietas\\\/\"},{\"@type\":\"ListItem\",\"position\":3,\"name\":\"Dieta De Ravenna Para Bajar 5 Kilos\"}]},{\"@type\":\"WebSite\",\"@id\":\"https:\\\/\\\/estarenbuenaforma.com\\\/#website\",\"url\":\"https:\\\/\\\/estarenbuenaforma.com\\\/\",\"name\":\"EEBF\",\"description\":\"Improving Your Life\",\"publisher\":{\"@id\":\"https:\\\/\\\/estarenbuenaforma.com\\\/#organization\"},\"potentialAction\":[{\"@type\":\"SearchAction\",\"target\":{\"@type\":\"EntryPoint\",\"urlTemplate\":\"https:\\\/\\\/estarenbuenaforma.com\\\/?s={search_term_string}\"},\"query-input\":{\"@type\":\"PropertyValueSpecification\",\"valueRequired\":true,\"valueName\":\"search_term_string\"}}],\"inLanguage\":\"es\"},{\"@type\":\"Organization\",\"@id\":\"https:\\\/\\\/estarenbuenaforma.com\\\/#organization\",\"name\":\"EEBF\",\"url\":\"https:\\\/\\\/estarenbuenaforma.com\\\/\",\"logo\":{\"@type\":\"ImageObject\",\"inLanguage\":\"es\",\"@id\":\"https:\\\/\\\/estarenbuenaforma.com\\\/#\\\/schema\\\/logo\\\/image\\\/\",\"url\":\"https:\\\/\\\/estarenbuenaforma.com\\\/wp-content\\\/uploads\\\/2023\\\/02\\\/eebf.png\",\"contentUrl\":\"https:\\\/\\\/estarenbuenaforma.com\\\/wp-content\\\/uploads\\\/2023\\\/02\\\/eebf.png\",\"width\":415,\"height\":104,\"caption\":\"EEBF\"},\"image\":{\"@id\":\"https:\\\/\\\/estarenbuenaforma.com\\\/#\\\/schema\\\/logo\\\/image\\\/\"},\"sameAs\":[\"https:\\\/\\\/www.facebook.com\\\/estarenbuenaforma\",\"https:\\\/\\\/x.com\\\/_enbuenaforma\"]},{\"@type\":\"Person\",\"@id\":\"https:\\\/\\\/estarenbuenaforma.com\\\/#\\\/schema\\\/person\\\/4c84742124440b1a9adb689c4a6c0a2c\",\"name\":\"David\",\"image\":{\"@type\":\"ImageObject\",\"inLanguage\":\"es\",\"@id\":\"https:\\\/\\\/secure.gravatar.com\\\/avatar\\\/231997f34c87a3fc40460cc132c4d4823579276e15d0ded9c791870a38f70162?s=96&d=mm&r=g\",\"url\":\"https:\\\/\\\/secure.gravatar.com\\\/avatar\\\/231997f34c87a3fc40460cc132c4d4823579276e15d0ded9c791870a38f70162?s=96&d=mm&r=g\",\"contentUrl\":\"https:\\\/\\\/secure.gravatar.com\\\/avatar\\\/231997f34c87a3fc40460cc132c4d4823579276e15d0ded9c791870a38f70162?s=96&d=mm&r=g\",\"caption\":\"David\"},\"description\":\"David is a writer and graduate professor. He writes for different websites. With 7+ years of experience in writing and education, David has combined his expertise in teaching with his passion for physical and mental wellness. He researches and writes to bring you valuable information about weight loss, nutrition, fitness, community, society and more.\",\"sameAs\":[\"https:\\\/\\\/www.facebook.com\\\/davevies\\\/\"],\"url\":\"https:\\\/\\\/estarenbuenaforma.com\\\/es\\\/author\\\/david-evies\\\/\"}]}<\/script>\n<!-- \/ Yoast SEO plugin. -->","yoast_head_json":{"title":"Dieta De Ravenna Para Bajar 5 Kilos - EEBF","description":"Descubre la dieta de Ravenna para bajar 5 kilos. Aprende como funciona y apl\u00edcala el plan de dieta para que adelgaces con \u00e9xito.","robots":{"index":"index","follow":"follow","max-snippet":"max-snippet:-1","max-image-preview":"max-image-preview:large","max-video-preview":"max-video-preview:-1"},"canonical":"https:\/\/estarenbuenaforma.com\/es\/dieta-de-ravenna-para-bajar-5-kilos\/","og_locale":"es_ES","og_type":"article","og_title":"Dieta De Ravenna Para Bajar 5 Kilos - EEBF","og_description":"Descubre la dieta de Ravenna para bajar 5 kilos. Aprende como funciona y apl\u00edcala el plan de dieta para que adelgaces con \u00e9xito.","og_url":"https:\/\/estarenbuenaforma.com\/es\/dieta-de-ravenna-para-bajar-5-kilos\/","og_site_name":"EEBF","article_publisher":"https:\/\/www.facebook.com\/estarenbuenaforma","article_author":"https:\/\/www.facebook.com\/davevies\/","article_published_time":"2020-12-22T01:10:19+00:00","article_modified_time":"2023-02-09T22:33:56+00:00","og_image":[{"width":1000,"height":667,"url":"https:\/\/estarenbuenaforma.com\/wp-content\/uploads\/2020\/12\/dieta-de-ravenna-para-bajar-5-kilos.jpg","type":"image\/jpeg"}],"author":"David","twitter_card":"summary_large_image","twitter_creator":"@_enbuenaforma","twitter_site":"@_enbuenaforma","twitter_misc":{"Escrito por":"David","Tiempo de lectura":"7 minutos"},"schema":{"@context":"https:\/\/schema.org","@graph":[{"@type":"Article","@id":"https:\/\/estarenbuenaforma.com\/dieta-de-ravenna-para-bajar-5-kilos\/#article","isPartOf":{"@id":"https:\/\/estarenbuenaforma.com\/dieta-de-ravenna-para-bajar-5-kilos\/"},"author":{"name":"David","@id":"https:\/\/estarenbuenaforma.com\/#\/schema\/person\/4c84742124440b1a9adb689c4a6c0a2c"},"headline":"Dieta De Ravenna Para Bajar 5 Kilos","datePublished":"2020-12-22T01:10:19+00:00","dateModified":"2023-02-09T22:33:56+00:00","mainEntityOfPage":{"@id":"https:\/\/estarenbuenaforma.com\/dieta-de-ravenna-para-bajar-5-kilos\/"},"wordCount":1561,"publisher":{"@id":"https:\/\/estarenbuenaforma.com\/#organization"},"image":{"@id":"https:\/\/estarenbuenaforma.com\/dieta-de-ravenna-para-bajar-5-kilos\/#primaryimage"},"thumbnailUrl":"https:\/\/estarenbuenaforma.com\/wp-content\/uploads\/2020\/12\/dieta-de-ravenna-para-bajar-5-kilos.jpg","keywords":["como bajar de peso","dieta","perder peso","plan de dieta"],"articleSection":["Dietas"],"inLanguage":"es"},{"@type":"WebPage","@id":"https:\/\/estarenbuenaforma.com\/dieta-de-ravenna-para-bajar-5-kilos\/","url":"https:\/\/estarenbuenaforma.com\/dieta-de-ravenna-para-bajar-5-kilos\/","name":"Dieta De Ravenna Para Bajar 5 Kilos - EEBF","isPartOf":{"@id":"https:\/\/estarenbuenaforma.com\/#website"},"primaryImageOfPage":{"@id":"https:\/\/estarenbuenaforma.com\/dieta-de-ravenna-para-bajar-5-kilos\/#primaryimage"},"image":{"@id":"https:\/\/estarenbuenaforma.com\/dieta-de-ravenna-para-bajar-5-kilos\/#primaryimage"},"thumbnailUrl":"https:\/\/estarenbuenaforma.com\/wp-content\/uploads\/2020\/12\/dieta-de-ravenna-para-bajar-5-kilos.jpg","datePublished":"2020-12-22T01:10:19+00:00","dateModified":"2023-02-09T22:33:56+00:00","description":"Descubre la dieta de Ravenna para bajar 5 kilos. Aprende como funciona y apl\u00edcala el plan de dieta para que adelgaces con \u00e9xito.","breadcrumb":{"@id":"https:\/\/estarenbuenaforma.com\/dieta-de-ravenna-para-bajar-5-kilos\/#breadcrumb"},"inLanguage":"es","potentialAction":[{"@type":"ReadAction","target":["https:\/\/estarenbuenaforma.com\/dieta-de-ravenna-para-bajar-5-kilos\/"]}]},{"@type":"ImageObject","inLanguage":"es","@id":"https:\/\/estarenbuenaforma.com\/dieta-de-ravenna-para-bajar-5-kilos\/#primaryimage","url":"https:\/\/estarenbuenaforma.com\/wp-content\/uploads\/2020\/12\/dieta-de-ravenna-para-bajar-5-kilos.jpg","contentUrl":"https:\/\/estarenbuenaforma.com\/wp-content\/uploads\/2020\/12\/dieta-de-ravenna-para-bajar-5-kilos.jpg","width":1000,"height":667,"caption":"dieta de ravenna para bajar 5 kilos"},{"@type":"BreadcrumbList","@id":"https:\/\/estarenbuenaforma.com\/dieta-de-ravenna-para-bajar-5-kilos\/#breadcrumb","itemListElement":[{"@type":"ListItem","position":1,"name":"Home","item":"https:\/\/estarenbuenaforma.com\/"},{"@type":"ListItem","position":2,"name":"Dietas","item":"https:\/\/estarenbuenaforma.com\/dietas\/"},{"@type":"ListItem","position":3,"name":"Dieta De Ravenna Para Bajar 5 Kilos"}]},{"@type":"WebSite","@id":"https:\/\/estarenbuenaforma.com\/#website","url":"https:\/\/estarenbuenaforma.com\/","name":"EEBF","description":"Improving Your Life","publisher":{"@id":"https:\/\/estarenbuenaforma.com\/#organization"},"potentialAction":[{"@type":"SearchAction","target":{"@type":"EntryPoint","urlTemplate":"https:\/\/estarenbuenaforma.com\/?s={search_term_string}"},"query-input":{"@type":"PropertyValueSpecification","valueRequired":true,"valueName":"search_term_string"}}],"inLanguage":"es"},{"@type":"Organization","@id":"https:\/\/estarenbuenaforma.com\/#organization","name":"EEBF","url":"https:\/\/estarenbuenaforma.com\/","logo":{"@type":"ImageObject","inLanguage":"es","@id":"https:\/\/estarenbuenaforma.com\/#\/schema\/logo\/image\/","url":"https:\/\/estarenbuenaforma.com\/wp-content\/uploads\/2023\/02\/eebf.png","contentUrl":"https:\/\/estarenbuenaforma.com\/wp-content\/uploads\/2023\/02\/eebf.png","width":415,"height":104,"caption":"EEBF"},"image":{"@id":"https:\/\/estarenbuenaforma.com\/#\/schema\/logo\/image\/"},"sameAs":["https:\/\/www.facebook.com\/estarenbuenaforma","https:\/\/x.com\/_enbuenaforma"]},{"@type":"Person","@id":"https:\/\/estarenbuenaforma.com\/#\/schema\/person\/4c84742124440b1a9adb689c4a6c0a2c","name":"David","image":{"@type":"ImageObject","inLanguage":"es","@id":"https:\/\/secure.gravatar.com\/avatar\/231997f34c87a3fc40460cc132c4d4823579276e15d0ded9c791870a38f70162?s=96&d=mm&r=g","url":"https:\/\/secure.gravatar.com\/avatar\/231997f34c87a3fc40460cc132c4d4823579276e15d0ded9c791870a38f70162?s=96&d=mm&r=g","contentUrl":"https:\/\/secure.gravatar.com\/avatar\/231997f34c87a3fc40460cc132c4d4823579276e15d0ded9c791870a38f70162?s=96&d=mm&r=g","caption":"David"},"description":"David es escritor y profesor graduado. Escribe para diferentes sitios web. Con m\u00e1s de 7 a\u00f1os de experiencia en escritura y educaci\u00f3n, David ha combinado su experiencia en la ense\u00f1anza con su pasi\u00f3n por el bienestar f\u00edsico y mental. Investiga y escribe para brindarle informaci\u00f3n valiosa sobre p\u00e9rdida de peso, nutrici\u00f3n, fitness, comunidad, sociedad y m\u00e1s.","sameAs":["https:\/\/www.facebook.com\/davevies\/"],"url":"https:\/\/estarenbuenaforma.com\/es\/author\/david-evies\/"}]}},"jetpack_featured_media_url":"https:\/\/estarenbuenaforma.com\/wp-content\/uploads\/2020\/12\/dieta-de-ravenna-para-bajar-5-kilos.jpg","uagb_featured_image_src":{"full":["https:\/\/estarenbuenaforma.com\/wp-content\/uploads\/2020\/12\/dieta-de-ravenna-para-bajar-5-kilos.jpg",1000,667,false],"thumbnail":["https:\/\/estarenbuenaforma.com\/wp-content\/uploads\/2020\/12\/dieta-de-ravenna-para-bajar-5-kilos-150x150.jpg",150,150,true],"medium":["https:\/\/estarenbuenaforma.com\/wp-content\/uploads\/2020\/12\/dieta-de-ravenna-para-bajar-5-kilos-300x200.jpg",300,200,true],"medium_large":["https:\/\/estarenbuenaforma.com\/wp-content\/uploads\/2020\/12\/dieta-de-ravenna-para-bajar-5-kilos-768x512.jpg",768,512,true],"large":["https:\/\/estarenbuenaforma.com\/wp-content\/uploads\/2020\/12\/dieta-de-ravenna-para-bajar-5-kilos.jpg",1000,667,false],"1536x1536":["https:\/\/estarenbuenaforma.com\/wp-content\/uploads\/2020\/12\/dieta-de-ravenna-para-bajar-5-kilos.jpg",1000,667,false],"2048x2048":["https:\/\/estarenbuenaforma.com\/wp-content\/uploads\/2020\/12\/dieta-de-ravenna-para-bajar-5-kilos.jpg",1000,667,false],"trp-custom-language-flag":["https:\/\/estarenbuenaforma.com\/wp-content\/uploads\/2020\/12\/dieta-de-ravenna-para-bajar-5-kilos.jpg",18,12,false],"ultp_layout_landscape_large":["https:\/\/estarenbuenaforma.com\/wp-content\/uploads\/2020\/12\/dieta-de-ravenna-para-bajar-5-kilos.jpg",1000,667,false],"ultp_layout_landscape":["https:\/\/estarenbuenaforma.com\/wp-content\/uploads\/2020\/12\/dieta-de-ravenna-para-bajar-5-kilos.jpg",855,570,false],"ultp_layout_portrait":["https:\/\/estarenbuenaforma.com\/wp-content\/uploads\/2020\/12\/dieta-de-ravenna-para-bajar-5-kilos.jpg",600,400,false],"ultp_layout_square":["https:\/\/estarenbuenaforma.com\/wp-content\/uploads\/2020\/12\/dieta-de-ravenna-para-bajar-5-kilos.jpg",600,400,false],"mv_create_1x1":["https:\/\/estarenbuenaforma.com\/wp-content\/uploads\/2020\/12\/dieta-de-ravenna-para-bajar-5-kilos.jpg",200,133,false],"mv_create_1x1_medium_res":["https:\/\/estarenbuenaforma.com\/wp-content\/uploads\/2020\/12\/dieta-de-ravenna-para-bajar-5-kilos.jpg",320,213,false],"mv_create_1x1_medium_high_res":["https:\/\/estarenbuenaforma.com\/wp-content\/uploads\/2020\/12\/dieta-de-ravenna-para-bajar-5-kilos.jpg",480,320,false],"mv_create_1x1_high_res":["https:\/\/estarenbuenaforma.com\/wp-content\/uploads\/2020\/12\/dieta-de-ravenna-para-bajar-5-kilos.jpg",720,480,false],"mv_create_4x3":["https:\/\/estarenbuenaforma.com\/wp-content\/uploads\/2020\/12\/dieta-de-ravenna-para-bajar-5-kilos.jpg",320,213,false],"mv_create_4x3_medium_res":["https:\/\/estarenbuenaforma.com\/wp-content\/uploads\/2020\/12\/dieta-de-ravenna-para-bajar-5-kilos.jpg",480,320,false],"mv_create_4x3_high_res":["https:\/\/estarenbuenaforma.com\/wp-content\/uploads\/2020\/12\/dieta-de-ravenna-para-bajar-5-kilos.jpg",720,480,false],"mv_create_3x4":["https:\/\/estarenbuenaforma.com\/wp-content\/uploads\/2020\/12\/dieta-de-ravenna-para-bajar-5-kilos.jpg",240,160,false],"mv_create_3x4_medium_res":["https:\/\/estarenbuenaforma.com\/wp-content\/uploads\/2020\/12\/dieta-de-ravenna-para-bajar-5-kilos.jpg",360,240,false],"mv_create_3x4_high_res":["https:\/\/estarenbuenaforma.com\/wp-content\/uploads\/2020\/12\/dieta-de-ravenna-para-bajar-5-kilos.jpg",540,360,false],"mv_create_16x9":["https:\/\/estarenbuenaforma.com\/wp-content\/uploads\/2020\/12\/dieta-de-ravenna-para-bajar-5-kilos.jpg",270,180,false],"mv_create_16x9_medium_res":["https:\/\/estarenbuenaforma.com\/wp-content\/uploads\/2020\/12\/dieta-de-ravenna-para-bajar-5-kilos.jpg",405,270,false],"mv_create_16x9_high_res":["https:\/\/estarenbuenaforma.com\/wp-content\/uploads\/2020\/12\/dieta-de-ravenna-para-bajar-5-kilos.jpg",607,405,false],"mv_create_no_ratio":["https:\/\/estarenbuenaforma.com\/wp-content\/uploads\/2020\/12\/dieta-de-ravenna-para-bajar-5-kilos.jpg",735,490,false],"mv_create_vert":["https:\/\/estarenbuenaforma.com\/wp-content\/uploads\/2020\/12\/dieta-de-ravenna-para-bajar-5-kilos.jpg",735,490,false]},"uagb_author_info":{"display_name":"David","author_link":"https:\/\/estarenbuenaforma.com\/es\/author\/david-evies\/"},"uagb_comment_info":1,"uagb_excerpt":"Durante el aislamiento preventivo y obligatorio por la pandemia del coronavirus, muchas personas se plantean, con cierta preocupaci\u00f3n, c\u00f3mo no engordar qued\u00e1ndose todo el d\u00eda en casa donde incluso cocinar es una de las actividades elegidas para compartir con la familia Adem\u00e1s, la imposibilidad de ir al gimnasio no ayuda a quienes llevan manteniendo una&hellip;","jetpack_sharing_enabled":true,"mv":{"thumbnail_id":219,"thumbnail_uri":"https:\/\/estarenbuenaforma.com\/wp-content\/uploads\/2020\/12\/dieta-de-ravenna-para-bajar-5-kilos-300x200.jpg"},"_links":{"self":[{"href":"https:\/\/estarenbuenaforma.com\/es\/wp-json\/wp\/v2\/posts\/218","targetHints":{"allow":["GET"]}}],"collection":[{"href":"https:\/\/estarenbuenaforma.com\/es\/wp-json\/wp\/v2\/posts"}],"about":[{"href":"https:\/\/estarenbuenaforma.com\/es\/wp-json\/wp\/v2\/types\/post"}],"author":[{"embeddable":true,"href":"https:\/\/estarenbuenaforma.com\/es\/wp-json\/wp\/v2\/users\/3"}],"replies":[{"embeddable":true,"href":"https:\/\/estarenbuenaforma.com\/es\/wp-json\/wp\/v2\/comments?post=218"}],"version-history":[{"count":6,"href":"https:\/\/estarenbuenaforma.com\/es\/wp-json\/wp\/v2\/posts\/218\/revisions"}],"predecessor-version":[{"id":7114,"href":"https:\/\/estarenbuenaforma.com\/es\/wp-json\/wp\/v2\/posts\/218\/revisions\/7114"}],"wp:featuredmedia":[{"embeddable":true,"href":"https:\/\/estarenbuenaforma.com\/es\/wp-json\/wp\/v2\/media\/219"}],"wp:attachment":[{"href":"https:\/\/estarenbuenaforma.com\/es\/wp-json\/wp\/v2\/media?parent=218"}],"wp:term":[{"taxonomy":"category","embeddable":true,"href":"https:\/\/estarenbuenaforma.com\/es\/wp-json\/wp\/v2\/categories?post=218"},{"taxonomy":"post_tag","embeddable":true,"href":"https:\/\/estarenbuenaforma.com\/es\/wp-json\/wp\/v2\/tags?post=218"}],"curies":[{"name":"wp","href":"https:\/\/api.w.org\/{rel}","templated":true}]}}